{"id":11122,"date":"2015-12-12T06:17:50","date_gmt":"2015-12-12T05:17:50","guid":{"rendered":"https:\/\/www.oljo.de\/blog\/?p=11122"},"modified":"2015-12-12T06:23:23","modified_gmt":"2015-12-12T05:23:23","slug":"neele-ternes-edeka-dad-charts","status":"publish","type":"post","link":"https:\/\/www.oljo.de\/blog\/neele-ternes-edeka-dad-charts\/","title":{"rendered":"Neele Ternes st\u00fcrmt dank Edeka Spot mit Dad die Charts"},"content":{"rendered":"<p><strong>Pop Ballade aus Deutschland<\/strong> durch Edeka Werbekampagne in den Charts auf steilem Weg nach oben:<\/p>\n<p>Gestern Abend ist die S\u00e4ngerin <strong>Neele Ternes<\/strong> aus Bremen mit der Ballade &#8218;<strong>Dad<\/strong>&#8218; in die deutschen iTunes Charts eingestiegen (heute 03 Uhr aktuell Rang 36, Marktanteilsgewinn in den letzten 8h: +80%)!<br \/>\nWir erwarten mindestens in den n\u00e4chsten 24 bis 48 Stunden noch deutliche Positionierungsverbesserungen dieses Titels.<br \/>\nWir <strong>gratulieren<\/strong> Neele zum Chart-Erfolg. Wir wollen auch nicht den Songschreiber <strong>Florian Lakenmacher<\/strong> aus Hamburg vergessen. Seine Idee zu diesem Song kann man nur begl\u00fcckw\u00fcnschen.<\/p>\n<p>Den kompletten Song &#8218;Dad&#8216; im Lyric Stream anh\u00f6ren:<\/p>\n<div class=\"epyt-video-wrapper\">\n<div  id=\"_ytid_36968\"  width=\"980\" height=\"551\"  data-origwidth=\"980\" data-origheight=\"551\"  data-relstop=\"1\" data-facadesrc=\"https:\/\/www.youtube-nocookie.com\/embed\/45MnlaPsm6o?enablejsapi=1&#038;origin=https:\/\/www.oljo.de&#038;autoplay=0&#038;cc_load_policy=0&#038;cc_lang_pref=&#038;iv_load_policy=3&#038;loop=0&#038;rel=0&#038;fs=1&#038;playsinline=0&#038;autohide=1&#038;theme=dark&#038;color=red&#038;controls=1&#038;disablekb=0&#038;\" class=\"__youtube_prefs__ epyt-facade epyt-is-override  no-lazyload\" data-epautoplay=\"1\" ><img decoding=\"async\" data-spai-excluded=\"true\" class=\"epyt-facade-poster skip-lazy\" loading=\"lazy\"  alt=\"YouTube player\"  src=\"https:\/\/i.ytimg.com\/vi\/45MnlaPsm6o\/maxresdefault.jpg\"  \/><button class=\"epyt-facade-play\" aria-label=\"Play\"><svg data-no-lazy=\"1\" height=\"100%\" version=\"1.1\" viewBox=\"0 0 68 48\" width=\"100%\"><path class=\"ytp-large-play-button-bg\" d=\"M66.52,7.74c-0.78-2.93-2.49-5.41-5.42-6.19C55.79,.13,34,0,34,0S12.21,.13,6.9,1.55 C3.97,2.33,2.27,4.81,1.48,7.74C0.06,13.05,0,24,0,24s0.06,10.95,1.48,16.26c0.78,2.93,2.49,5.41,5.42,6.19 C12.21,47.87,34,48,34,48s21.79-0.13,27.1-1.55c2.93-0.78,4.64-3.26,5.42-6.19C67.94,34.95,68,24,68,24S67.94,13.05,66.52,7.74z\" fill=\"#f00\"><\/path><path d=\"M 45,24 27,14 27,34\" fill=\"#fff\"><\/path><\/svg><\/button><\/div>\n<\/div>\n<h2>Jetzt Voten! Wie sch\u00e4tzt Du Neeles Song ein?<\/h2>\n<p>(wir w\u00fcrden uns \u00fcber Deine Teilnahme freuen):<br \/>\n[poll id=&#8220;62&#8243;]<\/p>\n<p>Hier den Song erwerben:<br \/>\n<a rel=\"nofollow\" href=\"http:\/\/www.amazon.de\/gp\/product\/B0196O171G\/ref=as_li_tl?ie=UTF8&#038;camp=1638&#038;creative=19454&#038;creativeASIN=B0196O171G&#038;linkCode=as2&#038;tag=oljochartserv-21\" target=\"_blank\">Dad (#heimkommen) von Neele Ternes hier downloaden<\/a><img loading=\"lazy\" decoding=\"async\" src=\"http:\/\/ir-de.amazon-adsystem.com\/e\/ir?t=oljochartserv-21&#038;l=as2&#038;o=3&#038;a=B0196O171G\" width=\"1\" height=\"1\" border=\"0\" alt=\"\" style=\"border:none !important; margin:0px !important;\" \/><\/p>\n<p>Verantwortliche Plattenfirma ist <strong>Sony Music<\/strong>. Den Preis des Songs bei iTunes und Amazon von je 1,29\u20ac finden wir unangemessen. Edeka h\u00e4tte unserer Meinung nach so um die 50.000\u20ac springen lassen k\u00f6nnen, um den Verkaufspreis des Songs zu sponsorn. 90.000 K\u00e4ufer h\u00e4tten so den Song &#8218;zum halben Preis&#8216; bekommen k\u00f6nnen. Schade dass das von Edeka unbedacht blieb.<\/p>\n<p><strong>Ursache des gar nicht mal so unerwartet hohen Einstiegs<\/strong> von Neele Ternes in die deutschen Charts ist ein am 28.11.15 bei Youtube ver\u00f6ffentlichter <strong>Weihnachtswerbespot<\/strong> des Einzelhandelsgiganten <strong>Edeka<\/strong>.<br \/>\nDie ansprechende Ballade &#8218;<strong>Dad<\/strong>&#8218; gesungen von ebenjener Neele Ternes untermalt musikalisch den 1:46 min langen Edeka Spot.<\/p>\n<div class=\"epyt-video-wrapper\">\n<div  id=\"_ytid_37149\"  width=\"980\" height=\"551\"  data-origwidth=\"980\" data-origheight=\"551\"  data-relstop=\"1\" data-facadesrc=\"https:\/\/www.youtube-nocookie.com\/embed\/V6-0kYhqoRo?enablejsapi=1&#038;origin=https:\/\/www.oljo.de&#038;autoplay=0&#038;cc_load_policy=0&#038;cc_lang_pref=&#038;iv_load_policy=3&#038;loop=0&#038;rel=0&#038;fs=1&#038;playsinline=0&#038;autohide=1&#038;theme=dark&#038;color=red&#038;controls=1&#038;disablekb=0&#038;\" class=\"__youtube_prefs__ epyt-facade epyt-is-override  no-lazyload\" data-epautoplay=\"1\" ><img decoding=\"async\" data-spai-excluded=\"true\" class=\"epyt-facade-poster skip-lazy\" loading=\"lazy\"  alt=\"YouTube player\"  src=\"https:\/\/i.ytimg.com\/vi\/V6-0kYhqoRo\/maxresdefault.jpg\"  \/><button class=\"epyt-facade-play\" aria-label=\"Play\"><svg data-no-lazy=\"1\" height=\"100%\" version=\"1.1\" viewBox=\"0 0 68 48\" width=\"100%\"><path class=\"ytp-large-play-button-bg\" d=\"M66.52,7.74c-0.78-2.93-2.49-5.41-5.42-6.19C55.79,.13,34,0,34,0S12.21,.13,6.9,1.55 C3.97,2.33,2.27,4.81,1.48,7.74C0.06,13.05,0,24,0,24s0.06,10.95,1.48,16.26c0.78,2.93,2.49,5.41,5.42,6.19 C12.21,47.87,34,48,34,48s21.79-0.13,27.1-1.55c2.93-0.78,4.64-3.26,5.42-6.19C67.94,34.95,68,24,68,24S67.94,13.05,66.52,7.74z\" fill=\"#f00\"><\/path><path d=\"M 45,24 27,14 27,34\" fill=\"#fff\"><\/path><\/svg><\/button><\/div>\n<\/div>\n<blockquote><p>In dem Spot wird eine etwas seltsam konstruierte Geschichte erz\u00e4hlt: Ein offensichtlich allein lebender Vater (Rentner) (gespielt von einem englischen Schauspieler) gibt sein angebliches Ableben vor (eine f\u00fcr viele doch sehr grenzwertige Idee der Spotverfasser), um seine anscheinend weiter weg lebenden und beruflich eingespannten Kinder (und deren Kinder) an <strong>Weihnachten<\/strong> zu sich nach Hause zu lotsen. Das gelingt. Zum Schluss wird ein famili\u00e4res Happy End mit gebratener Pute zelebriert. Egal welche Logikschw\u00e4chen das Video nun auch hat, es <strong>kommt \u00fcberwiegend ausgesprochen gut an<\/strong>! Die eigentliche Edeka Werbebotschaft am Ende des Clips ist nur wenige Sekunden lang. <\/p><\/blockquote>\n<p>Das Edeka Weihnachtsvideo mauserte sich <strong>direkt nach Ver\u00f6ffentlichung<\/strong> zu einer <strong>immer noch anhaltenden weihnachtlichen Internetsensation<\/strong>, bemerkenswerterweise auch im Ausland (unter anderem in den USA)!!<br \/>\nDie t\u00e4gliche Viewzahl des recht kurzen Videos hatte Anfang Dezember bei der Tube zeitweise <strong>7 Mio<\/strong> \u00fcbertroffen. Im Moment sind es immer noch an die <strong>2 Mio<\/strong>. Die Gesamtviewzahl liegt jetzt aktuell (12.12.15) bei atemberaubenden <strong>40,6 Mio<\/strong>. Davon sind vermutlich deutlich mehr als die H\u00e4lfte durch User ausserhalb Deutschlands verursacht.<br \/>\n<i>Bei Facebook ist das Video in der Edeka FB Pr\u00e4senz u.a. durch &#8218;teilen&#8216; bis jetzt auf 19 Mio Views gekommen. Wieviel davon durch <strong>von Edeka bezahlte Facebook Werbung<\/strong> zu Stande kamen ist unbekannt. Sicher aber wird Edeka einiges an Werbegeldern bei Facebook verbraten haben, um den Spot zu promoten. Das Video wurde aber auch 579 TSD mal freiwillig geteilt. Jedes &#8218;teilen&#8216; verursacht mindestens 20 zus\u00e4tzliche Views. Das Beispiel des Edeka Spots zeigt deutlich, dass Facebook ein sehr bedeutender Videohoster geworden ist. Youtube ist zwar noch viel gr\u00f6\u00dfer, aber alle anderen sind nur noch winzig kleine Fische. Bei Myvideo gibt es das Video z.B. nicht. <\/i><br \/>\nDie Verbreitung des Spots auf zahlreichen deutschen Fernsehkan\u00e4len f\u00f6rderte vor allem nat\u00fcrlich zum Start in Deutschland das Interesse an dem Video im Internet ganz entscheidend.<\/p>\n<p><b>CNN Bericht \u00fcber den Impact des Videos in den USA:<\/b><\/p>\n<div class=\"epyt-video-wrapper\">\n<div  id=\"_ytid_84462\"  width=\"980\" height=\"551\"  data-origwidth=\"980\" data-origheight=\"551\"  data-relstop=\"1\" data-facadesrc=\"https:\/\/www.youtube-nocookie.com\/embed\/-H58nPIp374?enablejsapi=1&#038;origin=https:\/\/www.oljo.de&#038;autoplay=0&#038;cc_load_policy=0&#038;cc_lang_pref=&#038;iv_load_policy=3&#038;loop=0&#038;rel=0&#038;fs=1&#038;playsinline=0&#038;autohide=1&#038;theme=dark&#038;color=red&#038;controls=1&#038;disablekb=0&#038;\" class=\"__youtube_prefs__ epyt-facade epyt-is-override  no-lazyload\" data-epautoplay=\"1\" ><img decoding=\"async\" data-spai-excluded=\"true\" class=\"epyt-facade-poster skip-lazy\" loading=\"lazy\"  alt=\"YouTube player\"  src=\"https:\/\/i.ytimg.com\/vi\/-H58nPIp374\/maxresdefault.jpg\"  \/><button class=\"epyt-facade-play\" aria-label=\"Play\"><svg data-no-lazy=\"1\" height=\"100%\" version=\"1.1\" viewBox=\"0 0 68 48\" width=\"100%\"><path class=\"ytp-large-play-button-bg\" d=\"M66.52,7.74c-0.78-2.93-2.49-5.41-5.42-6.19C55.79,.13,34,0,34,0S12.21,.13,6.9,1.55 C3.97,2.33,2.27,4.81,1.48,7.74C0.06,13.05,0,24,0,24s0.06,10.95,1.48,16.26c0.78,2.93,2.49,5.41,5.42,6.19 C12.21,47.87,34,48,34,48s21.79-0.13,27.1-1.55c2.93-0.78,4.64-3.26,5.42-6.19C67.94,34.95,68,24,68,24S67.94,13.05,66.52,7.74z\" fill=\"#f00\"><\/path><path d=\"M 45,24 27,14 27,34\" fill=\"#fff\"><\/path><\/svg><\/button><\/div>\n<\/div>\n<p>Trotz hoher Viewzahlen des Videos durch User im Ausland und zahlreicher Kommentare zum Video auf Englisch, Spanisch, Franz\u00f6sisch usw. ist der Song &#8218;Dad&#8216; im Ausland noch wenig gefragt. Der Song ist in allen iTunes Shops europ\u00e4ischer L\u00e4nder verf\u00fcgbar. In Nordamerika ist der Song bei iTunes noch nicht ver\u00f6ffentlicht. Das Kaufinteresse am Song ist im nicht-deutschsprachigen Ausland derzeit gering (im UK und den Niederlanden sch\u00e4tzen wir eine Platzierung um Platz 10.000 was weniger als 5 Verk\u00e4ufen pro Tag entspricht).<br \/>\nIn <strong>\u00d6sterreich<\/strong> befindet sich &#8218;Dad&#8216; auf <strong>Rang 93<\/strong> der iTunes Charts, in der <strong>Schweiz<\/strong> jedoch ausserhalb der Top 300 (aktuell nur um Platz 1000). In Luxemburg ist die Nachfrage kaum messbar. (ausserhalb Top 1000).<br \/>\nBis jetzt nicht sonderlich wahrscheinlich ist es, dass Neele Ternes in n\u00e4herer Zukunft m\u00f6glicherweise sogar in den US Charts zu finden sein wird.<\/p>\n<p>In den aktuellsten <strong>Spotify Deutschland Tages-Charts<\/strong> vom 10.12.15 befindet sich &#8218;Dad&#8216; <strong>ausserhalb der Top 200<\/strong> meistgespielten Tracks.<\/p>\n<h2>Gro\u00dfer Hit bei Youtube<\/h2>\n<p><strong>So schnell so erfolgreich<\/strong> war bei Youtube <strong>noch kein Video mit einem von Deutschen geschriebenen und von einem deutschen Interpreten gesungenen Original-Song<\/strong>.<br \/>\nDer Edeka Werbespot, vor dem, wenn man Pech hat noch Youtubewerbung geschaltet wird, liegt weit vor den traditionell beliebten Weihnachtswerbespots der britischen Kaufhausketten <strong>Sainsbury&#8217;s<\/strong> (23 Mio Views, ohne Leadsong) und <strong>John Lewis<\/strong> (20 Mio Views, Song gesungen von <strong>Aurora<\/strong> aus Norwegen, aktuell Rang 77 in den UK iTunes Charts). Beide Spots waren schon Anfang November ver\u00f6ffentlicht worden und kommen mittlerweile kaum noch auf Views (nur noch einige wenige Zehntausend pro Tag).<\/p>\n<h2>WER ist Neele Ternes? <\/h2>\n<p>\u00dcber <strong>Neele Ternes<\/strong> ist nicht viel bekannt. Sie lebt wohl in Bremen und\/oder (zeitweise) in Hamburg. Aufgewachsen ist sie in Oldenburg in einer wohlhabenden Familie. In Bremen hat sie Gesangsp\u00e4dagogik und Jazzgesang studiert. Beruflich war sie anscheinend bislang als &#8218;Backing Vocalist&#8216; und <strong>Gesangslehrerin<\/strong> unterwegs.<\/p>\n<p>Hier ist sie als Backgrounds\u00e4ngerin zu sehen und zu h\u00f6ren:<\/p>\n<div class=\"epyt-video-wrapper\">\n<div  id=\"_ytid_98615\"  width=\"980\" height=\"551\"  data-origwidth=\"980\" data-origheight=\"551\"  data-relstop=\"1\" data-facadesrc=\"https:\/\/www.youtube-nocookie.com\/embed\/AqxLMOJrVRY?enablejsapi=1&#038;origin=https:\/\/www.oljo.de&#038;autoplay=0&#038;cc_load_policy=0&#038;cc_lang_pref=&#038;iv_load_policy=3&#038;loop=0&#038;rel=0&#038;fs=1&#038;playsinline=0&#038;autohide=1&#038;theme=dark&#038;color=red&#038;controls=1&#038;disablekb=0&#038;\" class=\"__youtube_prefs__ epyt-facade epyt-is-override  no-lazyload\" data-epautoplay=\"1\" ><img decoding=\"async\" data-spai-excluded=\"true\" class=\"epyt-facade-poster skip-lazy\" loading=\"lazy\"  alt=\"YouTube player\"  src=\"https:\/\/i.ytimg.com\/vi\/AqxLMOJrVRY\/maxresdefault.jpg\"  \/><button class=\"epyt-facade-play\" aria-label=\"Play\"><svg data-no-lazy=\"1\" height=\"100%\" version=\"1.1\" viewBox=\"0 0 68 48\" width=\"100%\"><path class=\"ytp-large-play-button-bg\" d=\"M66.52,7.74c-0.78-2.93-2.49-5.41-5.42-6.19C55.79,.13,34,0,34,0S12.21,.13,6.9,1.55 C3.97,2.33,2.27,4.81,1.48,7.74C0.06,13.05,0,24,0,24s0.06,10.95,1.48,16.26c0.78,2.93,2.49,5.41,5.42,6.19 C12.21,47.87,34,48,34,48s21.79-0.13,27.1-1.55c2.93-0.78,4.64-3.26,5.42-6.19C67.94,34.95,68,24,68,24S67.94,13.05,66.52,7.74z\" fill=\"#f00\"><\/path><path d=\"M 45,24 27,14 27,34\" fill=\"#fff\"><\/path><\/svg><\/button><\/div>\n<\/div>\n<p>die Blonde rechts ist Neele.<\/p>\n<p>Auch auf diesem St\u00fcck aus dem Jahr 2005 ist Neele zu h\u00f6ren:<\/p>\n<div class=\"epyt-video-wrapper\">\n<div  id=\"_ytid_96499\"  width=\"980\" height=\"551\"  data-origwidth=\"980\" data-origheight=\"551\"  data-relstop=\"1\" data-facadesrc=\"https:\/\/www.youtube-nocookie.com\/embed\/TVirY5sIIm4?enablejsapi=1&#038;origin=https:\/\/www.oljo.de&#038;autoplay=0&#038;cc_load_policy=0&#038;cc_lang_pref=&#038;iv_load_policy=3&#038;loop=0&#038;rel=0&#038;fs=1&#038;playsinline=0&#038;autohide=1&#038;theme=dark&#038;color=red&#038;controls=1&#038;disablekb=0&#038;\" class=\"__youtube_prefs__ epyt-facade epyt-is-override  no-lazyload\" data-epautoplay=\"1\" ><img decoding=\"async\" data-spai-excluded=\"true\" class=\"epyt-facade-poster skip-lazy\" loading=\"lazy\"  alt=\"YouTube player\"  src=\"https:\/\/i.ytimg.com\/vi\/TVirY5sIIm4\/maxresdefault.jpg\"  \/><button class=\"epyt-facade-play\" aria-label=\"Play\"><svg data-no-lazy=\"1\" height=\"100%\" version=\"1.1\" viewBox=\"0 0 68 48\" width=\"100%\"><path class=\"ytp-large-play-button-bg\" d=\"M66.52,7.74c-0.78-2.93-2.49-5.41-5.42-6.19C55.79,.13,34,0,34,0S12.21,.13,6.9,1.55 C3.97,2.33,2.27,4.81,1.48,7.74C0.06,13.05,0,24,0,24s0.06,10.95,1.48,16.26c0.78,2.93,2.49,5.41,5.42,6.19 C12.21,47.87,34,48,34,48s21.79-0.13,27.1-1.55c2.93-0.78,4.64-3.26,5.42-6.19C67.94,34.95,68,24,68,24S67.94,13.05,66.52,7.74z\" fill=\"#f00\"><\/path><path d=\"M 45,24 27,14 27,34\" fill=\"#fff\"><\/path><\/svg><\/button><\/div>\n<\/div>\n<p>Man darf auf Grund der 2005er Ver\u00f6ffentlichung davon ausgehen, dass Neele Ternes so um die 30 Jahre alt sein m\u00fcsste (paar Jahre dr\u00fcber, oder knapp drunter).<\/p>\n<p><strong>Lobend erw\u00e4hnen<\/strong> wollen wir, dass ein deutscher Konzern entschieden hat (oder mitentschieden hat) einen aufw\u00e4ndigen Werbespot mit einem <strong>von &#8217;nem Deutschen geschriebenen und von einer Deutschen gesungenem Song<\/strong> zu untermalen. Das bei einem so ambitionierten Werbeprojekt auf eine rein deutsche Produktion gesetzt wird ist <strong>gar nicht so oft der Fall<\/strong>. Gerne wird von deutschen Unternehmen auf ausl\u00e4ndische Interpreten zur\u00fcckgegriffen.<\/p>\n<p><strong>Gespannt sind wir<\/strong>, ob es vielleicht irgendwann zu dem Song &#8218;Dad&#8216; ein <strong>offizielles Musikvideo<\/strong> geben wird. Auch wenn viele den Song mit den Bildern des Edeka-Spots kaum noch trennbar verbunden haben, w\u00e4re doch ein eigenes Video f\u00fcr <strong>Neele Ternes<\/strong> als K\u00fcnstlerin eine tolle Sache. Wenn man denn wollte k\u00f6nnte man da was Gutes draus machen. Der Song gibt, so finden wir, einiges her f\u00fcr eine interessante visuelle Umsetzung.<br \/>\nWir, als eher so die <strong>Balladenmuffel<\/strong>, finden den Song alle <strong>relativ gut<\/strong>. Unsere M\u00e4dels finden den Song sogar richtig gut. Nicht genau einsch\u00e4tzen k\u00f6nnen wir, ob uns der Song auch als &#8218;Stand-Alone&#8216;, ohne die ins Vorteilhafte beeinflussenden emotionalen Bilder des Edeka Spots ebenso h\u00e4tte gefallen k\u00f6nnen und ob wir von dem Song \u00fcberhaupt h\u00e4tten Notiz nehmen k\u00f6nnen. Dar\u00fcber gibt es unterschiedliche Meinungen.<\/p>\n<p><i>Bild: Copyright Sony Music.<\/i><\/p>\n","protected":false},"excerpt":{"rendered":"<p>Neele Ternes, Newcomerin aus Bremen gelingt mit der sch\u00f6nen Ballade &#8218;Dad&#8216; der Sprung direkt in die Top 40 der deutschen iTunes Charts. Der Song wird als Hintergrundmusik in einem durchschlagend sogar weltweit erfolgreichen weihnachtlichen Werbespot der Supermarktkette Edeka verwendet. Werden wir Neele vielleicht sogar bald in den US Charts finden?<\/p>\n","protected":false},"author":2,"featured_media":0,"comment_status":"open","ping_status":"closed","sticky":false,"template":"","format":"standard","meta":{"fifu_image_url":"","fifu_image_alt":"","_jetpack_memberships_contains_paid_content":false,"footnotes":""},"categories":[6],"tags":[2143,1836,2144,2142,1315,2136,1602],"class_list":["post-11122","post","type-post","status-publish","format-standard","hentry","category-charts-deutschland-aktuell","tag-edeka","tag-facebook","tag-florian-lakenmacher","tag-neele-ternes","tag-sony-music","tag-weihnachten","tag-youtube"],"jetpack_featured_media_url":"","jetpack-related-posts":[{"id":6490,"url":"https:\/\/www.oljo.de\/blog\/gotye-itunes-top20-charts-deutschland-nummer1-moglich\/","url_meta":{"origin":11122,"position":0},"title":"OMG: Gotye endlich in den iTunes Top 20. Wird er Nummer 1 der deutschen Charts?","author":"OLJO-Team","date":"22. November 2011","format":false,"excerpt":"Welcome to the German top hits: Der Belgier Gotye st\u00fcrmt mit seiner wunderbaren Ballade Somebody I Used To Know nun auch endlich die deutschen Charts. Bei iTunes Deutschland hat Gotye an diesem Wochenende die Top 20 geknackt. Wie weit wird es f\u00fcr Gotye noch raufgehen in den deutschen Charts? Les\u2026","rel":"","context":"In &quot;Bestseller&quot;","block_context":{"text":"Bestseller","link":"https:\/\/www.oljo.de\/blog\/themen\/bestseller\/"},"img":{"alt_text":"Gotye aus Belgien mit der sch\u00f6nen Ballade 'Somebody I Used To Know', (jetzt ansehen! + MP3 holen) Genre:\nAlternativ Pop!","src":"https:\/\/i0.wp.com\/www.oljo.de\/blog-bilder\/gotye.jpg?resize=350%2C200&ssl=1","width":350,"height":200},"classes":[]},{"id":6245,"url":"https:\/\/www.oljo.de\/blog\/charts-niederlande-gotye-platz1\/","url_meta":{"origin":11122,"position":1},"title":"Chart News Niederlande: OLJO Blog Tipp Gotye auf Platz 1 der Charts","author":"OLJO-Team","date":"9. September 2011","format":false,"excerpt":"Der australisch-belgische alternativ S\u00e4nger Gotye ist mit seiner sch\u00f6nen Ballade Somebody I Used To Know international sehr erfolgreich. Im August konnte er Platz 1 in Belgien und Australien erreichen. Aktuell belegt der Song Platz 1 der iTunes Charts der Niederlande! Geht da auch was f\u00fcr Gotye in Deutschland?","rel":"","context":"In &quot;Bestseller&quot;","block_context":{"text":"Bestseller","link":"https:\/\/www.oljo.de\/blog\/themen\/bestseller\/"},"img":{"alt_text":"Somebody I Used To Know von Gotye jetzt ansehen","src":"https:\/\/i0.wp.com\/www.oljo.de\/blog-bilder\/gotye.jpg?resize=350%2C200&ssl=1","width":350,"height":200},"classes":[]},{"id":5929,"url":"https:\/\/www.oljo.de\/blog\/charts-eurovision-esc2011-songs-aktuell-hits-deutschland\/","url_meta":{"origin":11122,"position":2},"title":"Chart Check aktuell: Eurovision Invasion in Deutschland. Alle jagen Pietro","author":"OLJO-Team","date":"16. Mai 2011","format":false,"excerpt":"ESC 2011: Songs aus dem Eurovision Finale mit starker Chartperformance. 21 Titel befinden sich in den Top 100 der deutschen iTunes Charts. 6 davon sogar in den Top 10. Jedward aus Irland belegen mit st\u00fcndlich wachsendem Vorsprung Platz 1. Auch die beim ESC 2011 als Letzte durchs Ziel gegangene Schweizerin\u2026","rel":"","context":"In &quot;Chart News&quot;","block_context":{"text":"Chart News","link":"https:\/\/www.oljo.de\/blog\/themen\/chart-news-international\/"},"img":{"alt_text":"","src":"","width":0,"height":0},"classes":[]},{"id":6584,"url":"https:\/\/www.oljo.de\/blog\/gotye-bald-platz1-deutsche-charts\/","url_meta":{"origin":11122,"position":3},"title":"Go GO Go: Gotye nur Millimeter von Platz 1 in den deutschen Charts entfernt","author":"OLJO-Team","date":"9. Dezember 2011","format":false,"excerpt":"Des is ja der Wahnsinn! Wird Somebody That I Used To Know des Belgiers Gotye die Weihnachts Nummer 1 Sensation in Deutschland? Bei iTunes Deutschland und Amazon MP3 ist Gotye schon ganz nah dran an der 1. Wird Europas neuer Star bald die Amerikanerin Lana del Rey von der 1\u2026","rel":"","context":"In &quot;Bestseller&quot;","block_context":{"text":"Bestseller","link":"https:\/\/www.oljo.de\/blog\/themen\/bestseller\/"},"img":{"alt_text":"jetzt Somebody That I Used To Know ansehen + MP3 g\u00fcnstig holen","src":"https:\/\/i0.wp.com\/www.oljo.de\/blog-bilder\/2\/gotye2.jpg?resize=350%2C200&ssl=1","width":350,"height":200},"classes":[]},{"id":8007,"url":"https:\/\/www.oljo.de\/blog\/jean-michel-aweh-erster-deutscher-castingshowsieger-mit-auf-deutsch-gesungenem-song\/","url_meta":{"origin":11122,"position":4},"title":"Premiere: Jean-Michel Aweh gewinnt als Erster deutsche Castingshow mit auf deutsch gesungenem Song","author":"OLJO-Team","date":"16. Dezember 2012","format":false,"excerpt":"Das gab's noch nie: Ein Deutscher gewinnt eine deutsche Castingshow mit einem auf deutsch gesungenem Song. Jean-Michel Aweh (20, aus Kassel) gelang diese bemerkenswerte Premiere gestern im Finale der RTL Castingshow 'Das Supertalent'! Extra Extra: Das gro\u00dfe Castingshow Chart Battle 2012 steht an! Spannung! Der frisch gek\u00fcrte 'Das Supertalent 2012'\u2026","rel":"","context":"In &quot;Bestseller&quot;","block_context":{"text":"Bestseller","link":"https:\/\/www.oljo.de\/blog\/themen\/bestseller\/"},"img":{"alt_text":"","src":"","width":0,"height":0},"classes":[]},{"id":9931,"url":"https:\/\/www.oljo.de\/blog\/indila-frankreich-neu-deutsche-single-top-100\/","url_meta":{"origin":11122,"position":5},"title":"Cool: Indila aus Frankreich neu in den deutschen Single Top 100","author":"OLJO-Team","date":"8. M\u00e4rz 2014","format":false,"excerpt":"Popstar Indila aus Frankreich mischt jetzt auch in den deutschen Single Top 100 mit! Ihre in Frankreich zum Mega Hit mutierte Pop-Ballade 'Derni\u00e8re Danse' ist nun auch in Deutschland auf dem Weg zum top Hit.","rel":"","context":"In &quot;Charts Deutschland aktuell&quot;","block_context":{"text":"Charts Deutschland aktuell","link":"https:\/\/www.oljo.de\/blog\/themen\/chart-news-international\/charts-deutschland-aktuell\/"},"img":{"alt_text":"Weekend Charttrend","src":"https:\/\/i0.wp.com\/www.oljo.de\/blog\/wp-content\/uploads\/2016\/01\/weekend-trend.jpg?fit=710%2C300&ssl=1&resize=350%2C200","width":350,"height":200,"srcset":"https:\/\/i0.wp.com\/www.oljo.de\/blog\/wp-content\/uploads\/2016\/01\/weekend-trend.jpg?fit=710%2C300&ssl=1&resize=350%2C200 1x, https:\/\/i0.wp.com\/www.oljo.de\/blog\/wp-content\/uploads\/2016\/01\/weekend-trend.jpg?fit=710%2C300&ssl=1&resize=525%2C300 1.5x, https:\/\/i0.wp.com\/www.oljo.de\/blog\/wp-content\/uploads\/2016\/01\/weekend-trend.jpg?fit=710%2C300&ssl=1&resize=700%2C400 2x"},"classes":[]}],"jetpack_sharing_enabled":true,"_links":{"self":[{"href":"https:\/\/www.oljo.de\/blog\/wp-json\/wp\/v2\/posts\/11122","targetHints":{"allow":["GET"]}}],"collection":[{"href":"https:\/\/www.oljo.de\/blog\/wp-json\/wp\/v2\/posts"}],"about":[{"href":"https:\/\/www.oljo.de\/blog\/wp-json\/wp\/v2\/types\/post"}],"author":[{"embeddable":true,"href":"https:\/\/www.oljo.de\/blog\/wp-json\/wp\/v2\/users\/2"}],"replies":[{"embeddable":true,"href":"https:\/\/www.oljo.de\/blog\/wp-json\/wp\/v2\/comments?post=11122"}],"version-history":[{"count":0,"href":"https:\/\/www.oljo.de\/blog\/wp-json\/wp\/v2\/posts\/11122\/revisions"}],"wp:attachment":[{"href":"https:\/\/www.oljo.de\/blog\/wp-json\/wp\/v2\/media?parent=11122"}],"wp:term":[{"taxonomy":"category","embeddable":true,"href":"https:\/\/www.oljo.de\/blog\/wp-json\/wp\/v2\/categories?post=11122"},{"taxonomy":"post_tag","embeddable":true,"href":"https:\/\/www.oljo.de\/blog\/wp-json\/wp\/v2\/tags?post=11122"}],"curies":[{"name":"wp","href":"https:\/\/api.w.org\/{rel}","templated":true}]}}