{"id":11281,"date":"2016-02-04T20:47:49","date_gmt":"2016-02-04T19:47:49","guid":{"rendered":"https:\/\/www.oljo.de\/blog\/?p=11281"},"modified":"2016-02-04T22:58:27","modified_gmt":"2016-02-04T21:58:27","slug":"esc-2016-vorentscheid-gehts-noch-bullshit","status":"publish","type":"post","link":"https:\/\/www.oljo.de\/blog\/esc-2016-vorentscheid-gehts-noch-bullshit\/","title":{"rendered":"ESC Vorentscheid 2016: geht&#8217;s noch? Bullshit!"},"content":{"rendered":"<p>ESC Vorentscheid 2016: dem <strong>Oljo-Team platzt mal eben kurz der Kragen!<\/strong><br \/>\nGerade haben wir uns mal durch 9 der 10 Songs durchgeh\u00f6rt, die beim deutschen ESC 2016 Vorentscheid Ende Februar vom NDR ins Rennen um den deutschen Startplatz beim ESC 2016 Finale in Schweden geschickt werden. Kopfsch\u00fctteln noch und n\u00f6cher!<br \/>\n<strong>Uns stehen buchst\u00e4blich die Haare zu Berge<\/strong>. Es ist kaum fassbar, was f\u00fcr ein Mist (<strong>im Sinne von &#8218;wird nie und nimmer was beim ESC Finale&#8216;<\/strong>) da dem erwartungsfrohen Publikum vorgesetzt wird.<br \/>\nMan hatte ja noch einige Tage lang die vage Hoffnung gehegt, dass da iwie noch eine \u00fcberraschend gute <strong>ESC-taugliche Perle<\/strong> ans Tageslicht kommt. <strong>Weit gefehlt<\/strong>! Is nich. <\/p>\n<p>Das was da in K\u00f6ln auflaufen wird, ist alles einfach nur <strong>schwach, ganz schwach<\/strong> (nicht qualitativ, sondern wie gesagt, hinsichtlich der ESC-Tauglichkeit). Keinem einzigen Song trauen wir auch nur im Ansatz zu, <strong>auf ausreichend europaweites Interesse sto\u00dfen zu k\u00f6nnen<\/strong>. Es geht ja schliesslich darum, nicht nur den deutschen Vorentscheid zu gewinnen, sondern dann auch beim ESC Finale eine &#8218;gute Figur&#8216; zu machen.<br \/>\n<b>Ist das wirklich so schwer da 10 Songs und Musik-Acts an die Hand zu bekommen, die in dieser Hinsicht etwas reissen k\u00f6nnen?<\/b><br \/>\nKann ja wohl alles nicht wahr sein.<br \/>\nWir bleiben dabei (und das haben wir schon im vergangenen Jahr und dem davor geschrieben): Die Leute, die beim NDR das alles zu verantworten haben m\u00fcssen etwas anderes machen. Sie k\u00f6nnen es einfach nicht!<\/p>\n<p>Ein Song (der von Ralph Siegel) ist sogar so gut, dass es der NDR nicht f\u00fcr n\u00f6tig h\u00e4lt diesen Song, wie die anderen neun, dem Publikum jetzt schon vorzustellen. <strong>Das ist unakzeptabel<\/strong>. <\/p>\n<h2>Uns kommen die Tr\u00e4nen:<\/h2>\n<p>Herr <strong>Ralph Siegel<\/strong>, der mit <strong>Laura Pinski<\/strong> besagten Act ins Rennen schicken darf, tat sich ausserdem mit einem <strong>weinerlichen Interview<\/strong> hervor. Seine Falschaussage 60% der Gema Einnahmen w\u00fcrden &#8218;ins Ausland&#8216; gehen, zeigt auf, was sein Interesse ist. Vollkommen falsch auch seine Aussage deutschsprachige Musik sei in Deutschland &#8218;unbeliebt&#8216; (deswegen hat sein Song ja auch einen englischsprachigen Titel..). Absoluter Kokolores!<br \/>\nAber nicht genug,<br \/>\nzus\u00e4tzlich jammerte er dann auch noch herum, dass es ja ein bisschen unfair sei, dass beim ESC Vorentscheid Acts mit &#8218;ihm&#8216; konkurrieren, die 500 TSD Facebook-Fans haben (und sein Act Laura Pinski bei Facebook nahezu unbekannt ist). Er habe sowieso &#8218;Angst&#8216; vor der Internet-Community. Da f\u00e4llt uns nichts mehr zu sein. <strong>L\u00e4cherlich<\/strong>. Under The Sun We Are One? Falsch. Under The Sun We Get <strong>schlimmen Sonnenstich<\/strong>. Bzw nicht &#8218;we&#8216;, sondern Herr Siegel.<\/p>\n<p>Trotz allem werden wir den Vorentscheid aber anschauen. <strong>Wir sind ja hartgesotten<\/strong>. \ud83d\ude42<\/p>\n","protected":false},"excerpt":{"rendered":"<p>Beim ESC Vorentscheid 2016: Resterampe galore, oder wie? Wieso gibt es beim Vorentscheid in diesem Jahr keinen einzigen wirklich ESC-tauglichen Song? Das kann nicht wahr sein! ..und dann auch noch das Siegel Gejammer. Geht mal gar nicht.<\/p>\n","protected":false},"author":2,"featured_media":0,"comment_status":"open","ping_status":"closed","sticky":false,"template":"","format":"standard","meta":{"fifu_image_url":"","fifu_image_alt":"","_jetpack_memberships_contains_paid_content":false,"footnotes":""},"categories":[2113],"tags":[485,2177,2182,1026,2183],"class_list":["post-11281","post","type-post","status-publish","format-standard","hentry","category-esc-2016","tag-esc","tag-esc-2016","tag-esc-vorentscheid-2016","tag-ndr","tag-ralph-sieger"],"jetpack_featured_media_url":"","jetpack-related-posts":[{"id":11216,"url":"https:\/\/www.oljo.de\/blog\/esc-2016-vorentscheid-ndr-dementiert-internetgeruechte\/","url_meta":{"origin":11281,"position":0},"title":"ESC 2016 Vorentscheid: NDR dementiert Internetger\u00fcchte","author":"OLJO-Team","date":"5. Januar 2016","format":false,"excerpt":"ESC 2016 Vorentscheid Gewurstel: der NDR sah sich veranlasst Ger\u00fcchte um eine Liste mutma\u00dflicher Teilnehmer am Vorentscheid als F\u00e4lschung zu dementieren. Fakt ist, dass ein Termin nun feststeht alles weitere aber noch unbekannt ist.","rel":"","context":"In &quot;ESC 2016&quot;","block_context":{"text":"ESC 2016","link":"https:\/\/www.oljo.de\/blog\/themen\/esc-2016\/"},"img":{"alt_text":"","src":"","width":0,"height":0},"classes":[]},{"id":12464,"url":"https:\/\/www.oljo.de\/blog\/vorbericht-deutscher-vorentscheid-2025-rtl-ard\/","url_meta":{"origin":11281,"position":1},"title":"Deutscher Vorentscheid 2025 Was tut sich","author":"OLJO-Team","date":"29. Januar 2025","format":false,"excerpt":"Aktuelle Neuigkeiten, Infos \u00fcber den Ablauf und die TV Sendetermine f\u00fcr den deutschen ESC 2025 Vorentscheid bei RTL und ARD +Bonus: erste Infos zum Vorentscheid 2026!","rel":"","context":"In &quot;Allgemein&quot;","block_context":{"text":"Allgemein","link":"https:\/\/www.oljo.de\/blog\/themen\/allgemein\/"},"img":{"alt_text":"Deutscher Vorentscheid 2025","src":"https:\/\/i0.wp.com\/www.oljo.de\/blog\/wp-content\/uploads\/2025\/01\/deutscher-vorentscheid-2025.gif?fit=1200%2C630&ssl=1&resize=350%2C200","width":350,"height":200,"srcset":"https:\/\/i0.wp.com\/www.oljo.de\/blog\/wp-content\/uploads\/2025\/01\/deutscher-vorentscheid-2025.gif?fit=1200%2C630&ssl=1&resize=350%2C200 1x, https:\/\/i0.wp.com\/www.oljo.de\/blog\/wp-content\/uploads\/2025\/01\/deutscher-vorentscheid-2025.gif?fit=1200%2C630&ssl=1&resize=525%2C300 1.5x, https:\/\/i0.wp.com\/www.oljo.de\/blog\/wp-content\/uploads\/2025\/01\/deutscher-vorentscheid-2025.gif?fit=1200%2C630&ssl=1&resize=700%2C400 2x, https:\/\/i0.wp.com\/www.oljo.de\/blog\/wp-content\/uploads\/2025\/01\/deutscher-vorentscheid-2025.gif?fit=1200%2C630&ssl=1&resize=1050%2C600 3x"},"classes":[]},{"id":11694,"url":"https:\/\/www.oljo.de\/blog\/esc-2017-island-vorentscheid-besser-als-der-peinliche-deutsche\/","url_meta":{"origin":11281,"position":2},"title":"ESC  2017: Island Vorentscheid besser als der peinliche Deutsche?!","author":"OLJO-Team","date":"6. M\u00e4rz 2017","format":false,"excerpt":"ESC 2017 Island Vorentscheid: bessere Songs & erfolgreichere Songs, als im deutschen Vorentscheid! Wie kann das sein? Entsendet Island gar einen ESC 2017 Finalsieg-Kandidaten?","rel":"","context":"In &quot;ESC 2017&quot;","block_context":{"text":"ESC 2017","link":"https:\/\/www.oljo.de\/blog\/themen\/esc-2017\/"},"img":{"alt_text":"esc 2017 news neuigkeiten","src":"https:\/\/i0.wp.com\/www.oljo.de\/blog\/wp-content\/uploads\/2017\/03\/esc-2017.jpg?fit=710%2C340&ssl=1&resize=350%2C200","width":350,"height":200,"srcset":"https:\/\/i0.wp.com\/www.oljo.de\/blog\/wp-content\/uploads\/2017\/03\/esc-2017.jpg?fit=710%2C340&ssl=1&resize=350%2C200 1x, https:\/\/i0.wp.com\/www.oljo.de\/blog\/wp-content\/uploads\/2017\/03\/esc-2017.jpg?fit=710%2C340&ssl=1&resize=525%2C300 1.5x, https:\/\/i0.wp.com\/www.oljo.de\/blog\/wp-content\/uploads\/2017\/03\/esc-2017.jpg?fit=710%2C340&ssl=1&resize=700%2C400 2x"},"classes":[]},{"id":11802,"url":"https:\/\/www.oljo.de\/blog\/esc-2018-vorentscheid-showkampf-mit-zdf-co\/","url_meta":{"origin":11281,"position":3},"title":"ESC 2018 Vorentscheid: Showkampf mit ZDF &#038; Co","author":"OLJO-Team","date":"29. Januar 2018","format":false,"excerpt":"Der deutsche ESC 2018 Vorentscheid im Quotenkonzert: werden die 3 Mio Zuschauer (ab 3 Jahre) und die 1 Mio Zuschauer (14-49 Jahre) des Vorjahres wieder erreicht? Wird ZDF Show den ARD Vorentscheid ausstechen, oder kann gar Heidi Klum den Prime Time Tagessieg rauspiepsen? Voting: wie wird der Vorentscheid beim TV\u2026","rel":"","context":"In &quot;Allgemein&quot;","block_context":{"text":"Allgemein","link":"https:\/\/www.oljo.de\/blog\/themen\/allgemein\/"},"img":{"alt_text":"deutscher esc vorentscheid 2018","src":"https:\/\/i0.wp.com\/www.oljo.de\/blog\/wp-content\/uploads\/2018\/01\/esc-vorentscheid-2018.jpg?fit=724%2C400&ssl=1&resize=350%2C200","width":350,"height":200,"srcset":"https:\/\/i0.wp.com\/www.oljo.de\/blog\/wp-content\/uploads\/2018\/01\/esc-vorentscheid-2018.jpg?fit=724%2C400&ssl=1&resize=350%2C200 1x, https:\/\/i0.wp.com\/www.oljo.de\/blog\/wp-content\/uploads\/2018\/01\/esc-vorentscheid-2018.jpg?fit=724%2C400&ssl=1&resize=525%2C300 1.5x, https:\/\/i0.wp.com\/www.oljo.de\/blog\/wp-content\/uploads\/2018\/01\/esc-vorentscheid-2018.jpg?fit=724%2C400&ssl=1&resize=700%2C400 2x"},"classes":[]},{"id":11243,"url":"https:\/\/www.oljo.de\/blog\/esc-2016-deutscher-vorentscheids-kandidaten\/","url_meta":{"origin":11281,"position":4},"title":"ESC 2016, deutscher Vorentscheid: die Kandidaten","author":"OLJO-Team","date":"12. Januar 2016","format":false,"excerpt":"Tadaa, sie haben 10 gefunden! Der NDR hat heute die Liste der Teilnehmer am deutschen ESC 2016 Vorentscheid bekannt gegeben. Vergessen wurde aber auch ALLE 10 Songs der Kandidaten dem interessierten Publikum vorzustellen. Das wird vielleicht irgendwann denn mal nachgereicht werden. Es riecht, so wie man das bis jetzt beurteilen\u2026","rel":"","context":"In &quot;ESC 2016&quot;","block_context":{"text":"ESC 2016","link":"https:\/\/www.oljo.de\/blog\/themen\/esc-2016\/"},"img":{"alt_text":"Deutscher Vorentscheid ESC 2016","src":"https:\/\/i0.wp.com\/www.oljo.de\/blog\/wp-content\/uploads\/2016\/01\/esc-2016-deutscher-vorentsc.jpg?fit=710%2C406&ssl=1&resize=350%2C200","width":350,"height":200,"srcset":"https:\/\/i0.wp.com\/www.oljo.de\/blog\/wp-content\/uploads\/2016\/01\/esc-2016-deutscher-vorentsc.jpg?fit=710%2C406&ssl=1&resize=350%2C200 1x, https:\/\/i0.wp.com\/www.oljo.de\/blog\/wp-content\/uploads\/2016\/01\/esc-2016-deutscher-vorentsc.jpg?fit=710%2C406&ssl=1&resize=525%2C300 1.5x, https:\/\/i0.wp.com\/www.oljo.de\/blog\/wp-content\/uploads\/2016\/01\/esc-2016-deutscher-vorentsc.jpg?fit=710%2C406&ssl=1&resize=700%2C400 2x"},"classes":[]},{"id":12611,"url":"https:\/\/www.oljo.de\/blog\/esc-vorentscheid-2025-abor-tynna-deutscher-allzeit-esc-rekord\/","url_meta":{"origin":11281,"position":5},"title":"ESC Vorentscheid: Abor &amp; Tynna mit deutschem Allzeit-Rekord!","author":"OLJO-Team","date":"2. M\u00e4rz 2025","format":false,"excerpt":"Geschwisterduo Abor & Tynna aus \u00d6sterreich wird mit dem Song Baller die ARD beim ESC 2025 Finale in Basel vertreten. Welche Chancen hat der Song beim ESC und in den deutschen Charts?","rel":"","context":"In &quot;Allgemein&quot;","block_context":{"text":"Allgemein","link":"https:\/\/www.oljo.de\/blog\/themen\/allgemein\/"},"img":{"alt_text":"","src":"https:\/\/i0.wp.com\/www.oljo.de\/blog\/wp-content\/uploads\/2025\/03\/abor-tynna-baller-germany-f09f87a9f09f87aa-national-final-performance-eurovision2025.jpg?fit=1200%2C675&ssl=1&resize=350%2C200","width":350,"height":200,"srcset":"https:\/\/i0.wp.com\/www.oljo.de\/blog\/wp-content\/uploads\/2025\/03\/abor-tynna-baller-germany-f09f87a9f09f87aa-national-final-performance-eurovision2025.jpg?fit=1200%2C675&ssl=1&resize=350%2C200 1x, https:\/\/i0.wp.com\/www.oljo.de\/blog\/wp-content\/uploads\/2025\/03\/abor-tynna-baller-germany-f09f87a9f09f87aa-national-final-performance-eurovision2025.jpg?fit=1200%2C675&ssl=1&resize=525%2C300 1.5x, https:\/\/i0.wp.com\/www.oljo.de\/blog\/wp-content\/uploads\/2025\/03\/abor-tynna-baller-germany-f09f87a9f09f87aa-national-final-performance-eurovision2025.jpg?fit=1200%2C675&ssl=1&resize=700%2C400 2x, https:\/\/i0.wp.com\/www.oljo.de\/blog\/wp-content\/uploads\/2025\/03\/abor-tynna-baller-germany-f09f87a9f09f87aa-national-final-performance-eurovision2025.jpg?fit=1200%2C675&ssl=1&resize=1050%2C600 3x"},"classes":[]}],"jetpack_sharing_enabled":true,"_links":{"self":[{"href":"https:\/\/www.oljo.de\/blog\/wp-json\/wp\/v2\/posts\/11281","targetHints":{"allow":["GET"]}}],"collection":[{"href":"https:\/\/www.oljo.de\/blog\/wp-json\/wp\/v2\/posts"}],"about":[{"href":"https:\/\/www.oljo.de\/blog\/wp-json\/wp\/v2\/types\/post"}],"author":[{"embeddable":true,"href":"https:\/\/www.oljo.de\/blog\/wp-json\/wp\/v2\/users\/2"}],"replies":[{"embeddable":true,"href":"https:\/\/www.oljo.de\/blog\/wp-json\/wp\/v2\/comments?post=11281"}],"version-history":[{"count":0,"href":"https:\/\/www.oljo.de\/blog\/wp-json\/wp\/v2\/posts\/11281\/revisions"}],"wp:attachment":[{"href":"https:\/\/www.oljo.de\/blog\/wp-json\/wp\/v2\/media?parent=11281"}],"wp:term":[{"taxonomy":"category","embeddable":true,"href":"https:\/\/www.oljo.de\/blog\/wp-json\/wp\/v2\/categories?post=11281"},{"taxonomy":"post_tag","embeddable":true,"href":"https:\/\/www.oljo.de\/blog\/wp-json\/wp\/v2\/tags?post=11281"}],"curies":[{"name":"wp","href":"https:\/\/api.w.org\/{rel}","templated":true}]}}