{"id":11314,"date":"2016-02-20T15:13:32","date_gmt":"2016-02-20T14:13:32","guid":{"rendered":"https:\/\/www.oljo.de\/blog\/?p=11314"},"modified":"2016-02-20T17:44:44","modified_gmt":"2016-02-20T16:44:44","slug":"esc-2016-vorentscheid-laura-pinski","status":"publish","type":"post","link":"https:\/\/www.oljo.de\/blog\/esc-2016-vorentscheid-laura-pinski\/","title":{"rendered":"ESC 2016 Vorentscheid: Ralph Siegels Laura Pinski. Leider Nein!"},"content":{"rendered":"<p>Deutscher ESC 2016 Vorentscheid: mit dem Beitrag der 19j\u00e4hrigen <strong>Laura Pinski<\/strong> aus D\u00fcsseldorf geht der wirklich letzte Vorhang auf!<br \/>\nDer <strong>Ralph Siegel<\/strong> Sch\u00fctzling wird mit dem englischsprachigen Schlagertitel &#8218;<strong>Under The Sun We Are One<\/strong>&#8218; (dt: &#8218;Unter der Sonne sind wir eins&#8216;) am n\u00e4chsten Donnerstag-Abend in K\u00f6ln bei der ARD auf Stimmenfang gehen.<br \/>\nDas offizielle Video zum Song:<\/p>\n<div class=\"epyt-video-wrapper\">\n<div  id=\"_ytid_78392\"  width=\"980\" height=\"551\"  data-origwidth=\"980\" data-origheight=\"551\"  data-relstop=\"1\" data-facadesrc=\"https:\/\/www.youtube-nocookie.com\/embed\/H3I3l0Hz_hk?enablejsapi=1&#038;origin=https:\/\/www.oljo.de&#038;autoplay=0&#038;cc_load_policy=0&#038;cc_lang_pref=&#038;iv_load_policy=3&#038;loop=0&#038;rel=0&#038;fs=1&#038;playsinline=0&#038;autohide=1&#038;theme=dark&#038;color=red&#038;controls=1&#038;disablekb=0&#038;\" class=\"__youtube_prefs__ epyt-facade epyt-is-override  no-lazyload\" data-epautoplay=\"1\" ><img decoding=\"async\" data-spai-excluded=\"true\" class=\"epyt-facade-poster skip-lazy\" loading=\"lazy\"  alt=\"YouTube player\"  src=\"https:\/\/i.ytimg.com\/vi\/H3I3l0Hz_hk\/maxresdefault.jpg\"  \/><button class=\"epyt-facade-play\" aria-label=\"Play\"><svg data-no-lazy=\"1\" height=\"100%\" version=\"1.1\" viewBox=\"0 0 68 48\" width=\"100%\"><path class=\"ytp-large-play-button-bg\" d=\"M66.52,7.74c-0.78-2.93-2.49-5.41-5.42-6.19C55.79,.13,34,0,34,0S12.21,.13,6.9,1.55 C3.97,2.33,2.27,4.81,1.48,7.74C0.06,13.05,0,24,0,24s0.06,10.95,1.48,16.26c0.78,2.93,2.49,5.41,5.42,6.19 C12.21,47.87,34,48,34,48s21.79-0.13,27.1-1.55c2.93-0.78,4.64-3.26,5.42-6.19C67.94,34.95,68,24,68,24S67.94,13.05,66.52,7.74z\" fill=\"#f00\"><\/path><path d=\"M 45,24 27,14 27,34\" fill=\"#fff\"><\/path><\/svg><\/button><\/div>\n<\/div>\n<p>Die aktuelle Bewertung des Videos bei Youtube ist wenig schmeichelhaft. <strong>32%<\/strong> aller Bewertungen sind &#8218;<strong>Daumen runter<\/strong>&#8218;. Das ist ein extrem hoher Negativ-Wert. Normal sind bei Tuben Musikvideos eigentlich 5% bis 15%-Anteil der Negativbewertungen.<\/p>\n<p>Laura Pinski <a href=\"https:\/\/www.facebook.com\/laurapinski\" target=\"_blank\">bei Facebook<\/a><\/p>\n<h2>Zum ESC 2016 Vorentscheid Beitrag von Laura Pinski: <\/h2>\n<p>Wir finden Lauras Song &#8218;komisch&#8216; im Sinne von &#8218;etwas seltsam&#8216;. Wir meinen u.a., dass der Songtitel grammatikalisch falsch ist. Es m\u00fcsste heissen &#8218;Under The Sun We Are All The Same&#8216; (oder so \u00e4hnlich).<br \/>\nDas Lied h\u00f6rt sich ziemlich deutlich &#8217;nach den 80er Jahren an&#8216; (allerdings nach den <strong>verstaubten<\/strong> 80er Jahren des Schlagers). Die vorhersehbare Struktur des Songs ist Siegel-typisch ausgesprochen einf\u00e4ltig, das Musikvideo zum Song finden wir &#8218;ungl\u00fccklich&#8216;. Es soll wohl etwas bringen, wenn man spielende Kinder einblendet. Das finden wir alles <strong>viel zu gewollt<\/strong> und nicht authentisch genug. F\u00fcr den Vertrieb des Songs verantwortlich ist der Musikkonzern <strong>Sony Music<\/strong> Deutschland.<br \/>\nInsgesamt muss man sagen, dass es &#8218;Under The Sun We Are One&#8216; beim ESC 2016 Vorentscheid wohl nicht bringen wird.  <\/p>\n<p>Ralph Siegel (70) hat den Titel w\u00e4hrend eines Urlaubs in den USA geschrieben (sagt er). Da (in den USA) hat er wahrscheinlich ein paar seiner GEMA Schecks verballert.<br \/>\nSo Leid es uns f\u00fcr die sympathische Laura Pinski tut: ihr Song hat praktisch keine Vorentscheid-Siegchance und <strong>absolut keine Chance ein Charthit<\/strong> zu werden. Quasi <strong>bei Null<\/strong> liegt die M\u00f6glichkeit, dass dieser Song <strong>gar jemals ein Charthit im Ausland<\/strong> werden kann.<br \/>\nWir sehen \u00fcberhaupt keine ausreichenden K\u00e4uferzahlen f\u00fcr diesen Song. Es ist nur unter gr\u00f6\u00dferen Schmerzen vorstellbar, dass dieser Song in einer Woche mehr als 10.000 K\u00e4ufer wird finden k\u00f6nnen. Unvorstellbar ist es, dass es in einer Woche Nummer-1-verd\u00e4chtige 30.000, oder mehr sein k\u00f6nnten. Daf\u00fcr reicht es nie und nimmer. Da muss man realistisch sein.<\/p>\n<p>Nicht sonderlich gut finden wir es, dass Laura einen Teil ihrer Lebensgeschichte (eine Krebserkrankung in der Kindheit) aktiv von sich aus in das \u00f6ffentliche Rampenlicht stellt. Da geh\u00f6rt das nicht hin (meinen wir).<br \/>\nEbenfalls unvorteilhaft ist das tr\u00e4nenerstickte Ralph Siegel <strong>Gejammer<\/strong> &#8218;wenigstens einmal noch f\u00fcr Deutschland zum ESC fahren zu d\u00fcrfen&#8216;. Leider Nein. Das wird nix. Aber Kopf hoch: n\u00e4chstes Jahr wird&#8217;s bestimmt dann was und in der Zwischenzeit gibt es zum Trost immer mal wieder einen netten GEMA Scheck.<\/p>\n","protected":false},"excerpt":{"rendered":"<p>Wird das etwa was? Laura Pinski (19), der Ralph Siegel Sch\u00fctzling, will mit dem englischsprachigen Schlagertitel &#8218;Under The Sun We Are One&#8216; den deutschen ESC 2016 Vorentscheid am n\u00e4chsten Donnerstag in K\u00f6ln gewinnen. Wie stehen ihre Chancen?<\/p>\n","protected":false},"author":2,"featured_media":0,"comment_status":"open","ping_status":"closed","sticky":false,"template":"","format":"standard","meta":{"fifu_image_url":"","fifu_image_alt":"","_jetpack_memberships_contains_paid_content":false,"footnotes":""},"categories":[2113],"tags":[2177,2154,810,1178,1267,1315],"class_list":["post-11314","post","type-post","status-publish","format-standard","hentry","category-esc-2016","tag-esc-2016","tag-esc-2016-vorentscheid","tag-laura-pinski","tag-ralph-siegel","tag-schlager","tag-sony-music"],"jetpack_featured_media_url":"","jetpack-related-posts":[{"id":11281,"url":"https:\/\/www.oljo.de\/blog\/esc-2016-vorentscheid-gehts-noch-bullshit\/","url_meta":{"origin":11314,"position":0},"title":"ESC Vorentscheid 2016: geht&#8217;s noch? Bullshit!","author":"OLJO-Team","date":"4. Februar 2016","format":false,"excerpt":"Beim ESC Vorentscheid 2016: Resterampe galore, oder wie? Wieso gibt es beim Vorentscheid in diesem Jahr keinen einzigen wirklich ESC-tauglichen Song? Das kann nicht wahr sein! ..und dann auch noch das Siegel Gejammer. Geht mal gar nicht.","rel":"","context":"In &quot;ESC 2016&quot;","block_context":{"text":"ESC 2016","link":"https:\/\/www.oljo.de\/blog\/themen\/esc-2016\/"},"img":{"alt_text":"","src":"","width":0,"height":0},"classes":[]},{"id":11337,"url":"https:\/\/www.oljo.de\/blog\/jamie-lee-kriewitz-sieger-esc-vorentscheid2016\/","url_meta":{"origin":11314,"position":1},"title":"Jamie Lee Kriewitz Siegerin des deutschen ESC 2016 Vorentscheids","author":"OLJO-Team","date":"25. Februar 2016","format":false,"excerpt":"Die schon im Vorfeld sehr klare Favoritin Jamie-Lee Kriewitz konnte sich durchsetzen. Die 17j\u00e4hrige S\u00e4ngerin, die durch ihren Sieg bei der Musikcastingshow The Voice Ende vergangenen Jahres bundesweit bekannt wurde, wird mit dem The Voice Siegertitel, der Popballade 'Ghost', nun auch beim ESC 2016 Finale in Stockholm zu sehen und\u2026","rel":"","context":"In &quot;ESC 2016&quot;","block_context":{"text":"ESC 2016","link":"https:\/\/www.oljo.de\/blog\/themen\/esc-2016\/"},"img":{"alt_text":"","src":"https:\/\/i0.wp.com\/img.youtube.com\/vi\/avyMGbuna3w\/0.jpg?resize=350%2C200","width":350,"height":200},"classes":[]},{"id":11321,"url":"https:\/\/www.oljo.de\/blog\/esc-2016-vorentscheid-voting\/","url_meta":{"origin":11314,"position":2},"title":"ESC 2016 Vorentscheid Voting!","author":"OLJO-Team","date":"20. Februar 2016","format":false,"excerpt":"Das gro\u00dfe ESC 2016 Vorentscheid Voting bei oljo.de! Bis Donnerstag dem 25.02.16 20:00 Uhr kannst Du deinen Tipp abgeben","rel":"","context":"In &quot;ESC 2016&quot;","block_context":{"text":"ESC 2016","link":"https:\/\/www.oljo.de\/blog\/themen\/esc-2016\/"},"img":{"alt_text":"Vorentscheid Voting 2016","src":"https:\/\/i0.wp.com\/www.oljo.de\/blog\/wp-content\/uploads\/2016\/02\/vorentscheid-voting-2016.jpg?fit=710%2C427&ssl=1&resize=350%2C200","width":350,"height":200,"srcset":"https:\/\/i0.wp.com\/www.oljo.de\/blog\/wp-content\/uploads\/2016\/02\/vorentscheid-voting-2016.jpg?fit=710%2C427&ssl=1&resize=350%2C200 1x, https:\/\/i0.wp.com\/www.oljo.de\/blog\/wp-content\/uploads\/2016\/02\/vorentscheid-voting-2016.jpg?fit=710%2C427&ssl=1&resize=525%2C300 1.5x, https:\/\/i0.wp.com\/www.oljo.de\/blog\/wp-content\/uploads\/2016\/02\/vorentscheid-voting-2016.jpg?fit=710%2C427&ssl=1&resize=700%2C400 2x"},"classes":[]},{"id":11243,"url":"https:\/\/www.oljo.de\/blog\/esc-2016-deutscher-vorentscheids-kandidaten\/","url_meta":{"origin":11314,"position":3},"title":"ESC 2016, deutscher Vorentscheid: die Kandidaten","author":"OLJO-Team","date":"12. Januar 2016","format":false,"excerpt":"Tadaa, sie haben 10 gefunden! Der NDR hat heute die Liste der Teilnehmer am deutschen ESC 2016 Vorentscheid bekannt gegeben. Vergessen wurde aber auch ALLE 10 Songs der Kandidaten dem interessierten Publikum vorzustellen. Das wird vielleicht irgendwann denn mal nachgereicht werden. Es riecht, so wie man das bis jetzt beurteilen\u2026","rel":"","context":"In &quot;ESC 2016&quot;","block_context":{"text":"ESC 2016","link":"https:\/\/www.oljo.de\/blog\/themen\/esc-2016\/"},"img":{"alt_text":"Deutscher Vorentscheid ESC 2016","src":"https:\/\/i0.wp.com\/www.oljo.de\/blog\/wp-content\/uploads\/2016\/01\/esc-2016-deutscher-vorentsc.jpg?fit=710%2C406&ssl=1&resize=350%2C200","width":350,"height":200,"srcset":"https:\/\/i0.wp.com\/www.oljo.de\/blog\/wp-content\/uploads\/2016\/01\/esc-2016-deutscher-vorentsc.jpg?fit=710%2C406&ssl=1&resize=350%2C200 1x, https:\/\/i0.wp.com\/www.oljo.de\/blog\/wp-content\/uploads\/2016\/01\/esc-2016-deutscher-vorentsc.jpg?fit=710%2C406&ssl=1&resize=525%2C300 1.5x, https:\/\/i0.wp.com\/www.oljo.de\/blog\/wp-content\/uploads\/2016\/01\/esc-2016-deutscher-vorentsc.jpg?fit=710%2C406&ssl=1&resize=700%2C400 2x"},"classes":[]},{"id":12611,"url":"https:\/\/www.oljo.de\/blog\/esc-vorentscheid-2025-abor-tynna-deutscher-allzeit-esc-rekord\/","url_meta":{"origin":11314,"position":4},"title":"ESC Vorentscheid: Abor &amp; Tynna mit deutschem Allzeit-Rekord!","author":"OLJO-Team","date":"2. M\u00e4rz 2025","format":false,"excerpt":"Geschwisterduo Abor & Tynna aus \u00d6sterreich wird mit dem Song Baller die ARD beim ESC 2025 Finale in Basel vertreten. Welche Chancen hat der Song beim ESC und in den deutschen Charts?","rel":"","context":"In &quot;Allgemein&quot;","block_context":{"text":"Allgemein","link":"https:\/\/www.oljo.de\/blog\/themen\/allgemein\/"},"img":{"alt_text":"","src":"https:\/\/i0.wp.com\/www.oljo.de\/blog\/wp-content\/uploads\/2025\/03\/abor-tynna-baller-germany-f09f87a9f09f87aa-national-final-performance-eurovision2025.jpg?fit=1200%2C675&ssl=1&resize=350%2C200","width":350,"height":200,"srcset":"https:\/\/i0.wp.com\/www.oljo.de\/blog\/wp-content\/uploads\/2025\/03\/abor-tynna-baller-germany-f09f87a9f09f87aa-national-final-performance-eurovision2025.jpg?fit=1200%2C675&ssl=1&resize=350%2C200 1x, https:\/\/i0.wp.com\/www.oljo.de\/blog\/wp-content\/uploads\/2025\/03\/abor-tynna-baller-germany-f09f87a9f09f87aa-national-final-performance-eurovision2025.jpg?fit=1200%2C675&ssl=1&resize=525%2C300 1.5x, https:\/\/i0.wp.com\/www.oljo.de\/blog\/wp-content\/uploads\/2025\/03\/abor-tynna-baller-germany-f09f87a9f09f87aa-national-final-performance-eurovision2025.jpg?fit=1200%2C675&ssl=1&resize=700%2C400 2x, https:\/\/i0.wp.com\/www.oljo.de\/blog\/wp-content\/uploads\/2025\/03\/abor-tynna-baller-germany-f09f87a9f09f87aa-national-final-performance-eurovision2025.jpg?fit=1200%2C675&ssl=1&resize=1050%2C600 3x"},"classes":[]},{"id":11216,"url":"https:\/\/www.oljo.de\/blog\/esc-2016-vorentscheid-ndr-dementiert-internetgeruechte\/","url_meta":{"origin":11314,"position":5},"title":"ESC 2016 Vorentscheid: NDR dementiert Internetger\u00fcchte","author":"OLJO-Team","date":"5. Januar 2016","format":false,"excerpt":"ESC 2016 Vorentscheid Gewurstel: der NDR sah sich veranlasst Ger\u00fcchte um eine Liste mutma\u00dflicher Teilnehmer am Vorentscheid als F\u00e4lschung zu dementieren. Fakt ist, dass ein Termin nun feststeht alles weitere aber noch unbekannt ist.","rel":"","context":"In &quot;ESC 2016&quot;","block_context":{"text":"ESC 2016","link":"https:\/\/www.oljo.de\/blog\/themen\/esc-2016\/"},"img":{"alt_text":"","src":"","width":0,"height":0},"classes":[]}],"jetpack_sharing_enabled":true,"_links":{"self":[{"href":"https:\/\/www.oljo.de\/blog\/wp-json\/wp\/v2\/posts\/11314","targetHints":{"allow":["GET"]}}],"collection":[{"href":"https:\/\/www.oljo.de\/blog\/wp-json\/wp\/v2\/posts"}],"about":[{"href":"https:\/\/www.oljo.de\/blog\/wp-json\/wp\/v2\/types\/post"}],"author":[{"embeddable":true,"href":"https:\/\/www.oljo.de\/blog\/wp-json\/wp\/v2\/users\/2"}],"replies":[{"embeddable":true,"href":"https:\/\/www.oljo.de\/blog\/wp-json\/wp\/v2\/comments?post=11314"}],"version-history":[{"count":0,"href":"https:\/\/www.oljo.de\/blog\/wp-json\/wp\/v2\/posts\/11314\/revisions"}],"wp:attachment":[{"href":"https:\/\/www.oljo.de\/blog\/wp-json\/wp\/v2\/media?parent=11314"}],"wp:term":[{"taxonomy":"category","embeddable":true,"href":"https:\/\/www.oljo.de\/blog\/wp-json\/wp\/v2\/categories?post=11314"},{"taxonomy":"post_tag","embeddable":true,"href":"https:\/\/www.oljo.de\/blog\/wp-json\/wp\/v2\/tags?post=11314"}],"curies":[{"name":"wp","href":"https:\/\/api.w.org\/{rel}","templated":true}]}}