{"id":7954,"date":"2012-12-04T11:13:48","date_gmt":"2012-12-04T10:13:48","guid":{"rendered":"https:\/\/www.oljo.de\/blog\/?p=7954"},"modified":"2012-12-04T11:13:48","modified_gmt":"2012-12-04T10:13:48","slug":"esc-vorentscheid2013-musikkonzerne-ubernehmen-kontrolle","status":"publish","type":"post","link":"https:\/\/www.oljo.de\/blog\/esc-vorentscheid2013-musikkonzerne-ubernehmen-kontrolle\/","title":{"rendered":"Musikkonzerne \u00fcbernehmen Kontrolle beim deutschen Vorentscheid zum ESC 2013"},"content":{"rendered":"<p>Wie ein Sprecher des \u00f6ffentlich-rechtlichen Fernsehsenders <strong>ARD<\/strong> Ende November mitteilte, wird der <strong>deutsche Vorentscheid<\/strong> zum<strong> Eurovision Song Contest 2013<\/strong> im n\u00e4chsten Jahr nur noch aus <strong>einer Sendung<\/strong> bestehen. Am <strong>14.02.2013<\/strong> wird der ESC 2013 Vorentscheid in der nieders\u00e4chsischen Landeshauptstadt <strong>Hannover<\/strong> ausgetragen werden und live im ARD Fernsehen \u00fcbertragen. Die Teilnehmer am Vorentscheid werden ausschliesslich von einer <strong>siebenk\u00f6pfigen Fachjury<\/strong>, die aus <strong>Vertretern der Musikkonzerne<\/strong> besteht, bestimmt.<br \/>\nIn der Woche vor der Show werden die Teilnehmersongs in Sendungen einiger ARD &#8218;Junge Welle&#8216; Radiosendern vorgestellt werden. Der deutsche ESC Vorentscheid soll dann auch im Programm dieser Radiosender parallel zum Fernsehen live ausgestrahlt werden.<br \/>\nDas ARD Publikum wird per Televoting und laut einigen Quellen zus\u00e4tzlich auch per kostenlosem Internetvoting dann zusammen mit einer Jury (die wahrscheinlich aus Prominenten besteht) den Sieger k\u00fcren (Wahrscheinlich Fifty:Fifty&#8230;). Wie es hie\u00df, lautet eine ARD Vorgabe an die Fachjury, dass &#8218;bekannte&#8216; und unbekannte Bewerber ins Rennen geschickt werden sollen. Da darf man jetzt schon <strong>Baukl\u00f6tze staunen<\/strong>, wer da so alles von der Jury ausgew\u00e4hlt wird&#8230;<br \/>\n<br \/>&nbsp;<br \/>\nDie Idee einer erneuten Castingshowserie wurde also verworfen bzw. nie verfolgt, stattdessen kehrte man zu Altbekanntem zur\u00fcck. Nichts anderes hatten wir erwartet. <strong>Die ARD hat es eben nicht drauf<\/strong>. Ein altes ja schon mehrmals faktisch gescheitertes Konzept leicht abgewandelt und lieblos wieder aufzuw\u00e4rmen muss man als ideenlos bezeichnen. Darauf zu hoffen, dass &#8218;Vertreter der deutschen Musikindustrie&#8216; (wer auch immer das in den Augen der ARD Verantwortlichen sein mag) es schon irgendwie hingebogen bekommen stimmt uns wenig optimistisch.<br \/>\nIn der Fachjury, die die Teilnehmer am ESC Vorentscheid 2013 ausw\u00e4hlen, werden 2 Vertreter von Universal\/EMI, je einer von Sony und Warner und 2 von &#8218;unabh\u00e4ngigen Musikvertriebsunternehmen&#8216; sitzen. Zu kritisieren ist, dass \u00fcberhaupt &#8218;die Musikindustrie&#8216; da so viel zu sagen bekommt. Die Musikkonzerne sind ja nun heutzutage wirklich keine Horte der Innovation mehr (wenn sie das jemals waren). Das bestrifft ganz besonders den ESC.<br \/>\nTalente ohne Plattenvertrag werden es wom\u00f6glich sehr schwer haben an der Jury vorbeizukommen, denn jeder in der Jury wird ja versuchen mindestens einen Kandidaten seines Unternehmens als Teilnehmer am ESC Vorentscheid unterzubringen. Wieviele Teilnehmer in der Vorentscheidungsshow in Hannover auf die B\u00fchne gelassen werden ist noch in der Recherche. Die Rede ist von 8 bis 12. Veranstaltungsort in Hannover wird am 14.02.13 die 11.000 Zuschauer fassende TUI Arena sein. <\/p>\n","protected":false},"excerpt":{"rendered":"<p>Deutscher Vorentscheid zum ESC 2013: Die Musikkonzerne haben bei der ARD wieder das gro\u00dfe Sagen. Die ARD sagt dem Castingshowformat der vergangenen Jahre Goodbye. Stattdessen wird wiedermal nur eine einzige Show den deutschen Vertreter f\u00fcr den Eurovision Song Contest gebieren.<\/p>\n","protected":false},"author":2,"featured_media":0,"comment_status":"open","ping_status":"open","sticky":false,"template":"","format":"standard","meta":{"fifu_image_url":"","fifu_image_alt":"","_jetpack_memberships_contains_paid_content":false,"footnotes":""},"categories":[18,19],"tags":[134,377,2172,518],"class_list":["post-7954","post","type-post","status-publish","format-standard","hentry","category-musik-business","category-musik","tag-ard","tag-deutscher-esc-vorentscheid","tag-esc-2013","tag-eurovision-song-contest"],"jetpack_featured_media_url":"","jetpack-related-posts":[{"id":11802,"url":"https:\/\/www.oljo.de\/blog\/esc-2018-vorentscheid-showkampf-mit-zdf-co\/","url_meta":{"origin":7954,"position":0},"title":"ESC 2018 Vorentscheid: Showkampf mit ZDF &#038; Co","author":"OLJO-Team","date":"29. Januar 2018","format":false,"excerpt":"Der deutsche ESC 2018 Vorentscheid im Quotenkonzert: werden die 3 Mio Zuschauer (ab 3 Jahre) und die 1 Mio Zuschauer (14-49 Jahre) des Vorjahres wieder erreicht? Wird ZDF Show den ARD Vorentscheid ausstechen, oder kann gar Heidi Klum den Prime Time Tagessieg rauspiepsen? Voting: wie wird der Vorentscheid beim TV\u2026","rel":"","context":"In &quot;Allgemein&quot;","block_context":{"text":"Allgemein","link":"https:\/\/www.oljo.de\/blog\/themen\/allgemein\/"},"img":{"alt_text":"deutscher esc vorentscheid 2018","src":"https:\/\/i0.wp.com\/www.oljo.de\/blog\/wp-content\/uploads\/2018\/01\/esc-vorentscheid-2018.jpg?fit=724%2C400&ssl=1&resize=350%2C200","width":350,"height":200,"srcset":"https:\/\/i0.wp.com\/www.oljo.de\/blog\/wp-content\/uploads\/2018\/01\/esc-vorentscheid-2018.jpg?fit=724%2C400&ssl=1&resize=350%2C200 1x, https:\/\/i0.wp.com\/www.oljo.de\/blog\/wp-content\/uploads\/2018\/01\/esc-vorentscheid-2018.jpg?fit=724%2C400&ssl=1&resize=525%2C300 1.5x, https:\/\/i0.wp.com\/www.oljo.de\/blog\/wp-content\/uploads\/2018\/01\/esc-vorentscheid-2018.jpg?fit=724%2C400&ssl=1&resize=700%2C400 2x"},"classes":[]},{"id":11216,"url":"https:\/\/www.oljo.de\/blog\/esc-2016-vorentscheid-ndr-dementiert-internetgeruechte\/","url_meta":{"origin":7954,"position":1},"title":"ESC 2016 Vorentscheid: NDR dementiert Internetger\u00fcchte","author":"OLJO-Team","date":"5. Januar 2016","format":false,"excerpt":"ESC 2016 Vorentscheid Gewurstel: der NDR sah sich veranlasst Ger\u00fcchte um eine Liste mutma\u00dflicher Teilnehmer am Vorentscheid als F\u00e4lschung zu dementieren. Fakt ist, dass ein Termin nun feststeht alles weitere aber noch unbekannt ist.","rel":"","context":"In &quot;ESC 2016&quot;","block_context":{"text":"ESC 2016","link":"https:\/\/www.oljo.de\/blog\/themen\/esc-2016\/"},"img":{"alt_text":"","src":"","width":0,"height":0},"classes":[]},{"id":12464,"url":"https:\/\/www.oljo.de\/blog\/vorbericht-deutscher-vorentscheid-2025-rtl-ard\/","url_meta":{"origin":7954,"position":2},"title":"Deutscher Vorentscheid 2025 Was tut sich","author":"OLJO-Team","date":"29. Januar 2025","format":false,"excerpt":"Aktuelle Neuigkeiten, Infos \u00fcber den Ablauf und die TV Sendetermine f\u00fcr den deutschen ESC 2025 Vorentscheid bei RTL und ARD +Bonus: erste Infos zum Vorentscheid 2026!","rel":"","context":"In &quot;Allgemein&quot;","block_context":{"text":"Allgemein","link":"https:\/\/www.oljo.de\/blog\/themen\/allgemein\/"},"img":{"alt_text":"Deutscher Vorentscheid 2025","src":"https:\/\/i0.wp.com\/www.oljo.de\/blog\/wp-content\/uploads\/2025\/01\/deutscher-vorentscheid-2025.gif?fit=1200%2C630&ssl=1&resize=350%2C200","width":350,"height":200,"srcset":"https:\/\/i0.wp.com\/www.oljo.de\/blog\/wp-content\/uploads\/2025\/01\/deutscher-vorentscheid-2025.gif?fit=1200%2C630&ssl=1&resize=350%2C200 1x, https:\/\/i0.wp.com\/www.oljo.de\/blog\/wp-content\/uploads\/2025\/01\/deutscher-vorentscheid-2025.gif?fit=1200%2C630&ssl=1&resize=525%2C300 1.5x, https:\/\/i0.wp.com\/www.oljo.de\/blog\/wp-content\/uploads\/2025\/01\/deutscher-vorentscheid-2025.gif?fit=1200%2C630&ssl=1&resize=700%2C400 2x, https:\/\/i0.wp.com\/www.oljo.de\/blog\/wp-content\/uploads\/2025\/01\/deutscher-vorentscheid-2025.gif?fit=1200%2C630&ssl=1&resize=1050%2C600 3x"},"classes":[]},{"id":12603,"url":"https:\/\/www.oljo.de\/blog\/bubatz-esc-vorentscheid-ploetzliche-regelaenderung\/","url_meta":{"origin":7954,"position":3},"title":"Bubatz!? ESC Vorentscheid: Pl\u00f6tzliche Regel\u00e4nderung!","author":"OLJO-Team","date":"26. Februar 2025","format":false,"excerpt":"ESC Vorentscheid: was schert uns das Geschw\u00e4tz von gestern? Regel\u00e4nderung \u00fcberrascht. Elton hat f\u00fcr Jury 'keine Zeit'.","rel":"","context":"In &quot;Allgemein&quot;","block_context":{"text":"Allgemein","link":"https:\/\/www.oljo.de\/blog\/themen\/allgemein\/"},"img":{"alt_text":"Deutscher Vorentscheid 2025","src":"https:\/\/i0.wp.com\/www.oljo.de\/blog\/wp-content\/uploads\/2025\/01\/deutscher-vorentscheid-2025.gif?fit=1200%2C630&ssl=1&resize=350%2C200","width":350,"height":200,"srcset":"https:\/\/i0.wp.com\/www.oljo.de\/blog\/wp-content\/uploads\/2025\/01\/deutscher-vorentscheid-2025.gif?fit=1200%2C630&ssl=1&resize=350%2C200 1x, https:\/\/i0.wp.com\/www.oljo.de\/blog\/wp-content\/uploads\/2025\/01\/deutscher-vorentscheid-2025.gif?fit=1200%2C630&ssl=1&resize=525%2C300 1.5x, https:\/\/i0.wp.com\/www.oljo.de\/blog\/wp-content\/uploads\/2025\/01\/deutscher-vorentscheid-2025.gif?fit=1200%2C630&ssl=1&resize=700%2C400 2x, https:\/\/i0.wp.com\/www.oljo.de\/blog\/wp-content\/uploads\/2025\/01\/deutscher-vorentscheid-2025.gif?fit=1200%2C630&ssl=1&resize=1050%2C600 3x"},"classes":[]},{"id":8282,"url":"https:\/\/www.oljo.de\/blog\/cascada-sieger-deutscher-esc-2013-vorentscheid-dance-song-glorious\/","url_meta":{"origin":7954,"position":4},"title":"Cascada gewinnen mit Dance Song Glorious deutschen ESC 2013 Vorentscheid","author":"OLJO-Team","date":"14. Februar 2013","format":false,"excerpt":"Das Trio Cascada aus Bonn hat mit dem Dance\/Club Track Glorious den deutschen ESC 2013 Vorentscheid in Hannover gewonnen. Starke Zweite wurden LaBrassBanda aus dem tiefsten Bayern. Erster Post-Show Verkaufszahlencheck! Wer f\u00fchrt? Wer \u00fcberrascht mit guten Sales?","rel":"","context":"In &quot;ESC 2013&quot;","block_context":{"text":"ESC 2013","link":"https:\/\/www.oljo.de\/blog\/themen\/esc-2013\/"},"img":{"alt_text":"","src":"","width":0,"height":0},"classes":[]},{"id":11321,"url":"https:\/\/www.oljo.de\/blog\/esc-2016-vorentscheid-voting\/","url_meta":{"origin":7954,"position":5},"title":"ESC 2016 Vorentscheid Voting!","author":"OLJO-Team","date":"20. Februar 2016","format":false,"excerpt":"Das gro\u00dfe ESC 2016 Vorentscheid Voting bei oljo.de! Bis Donnerstag dem 25.02.16 20:00 Uhr kannst Du deinen Tipp abgeben","rel":"","context":"In &quot;ESC 2016&quot;","block_context":{"text":"ESC 2016","link":"https:\/\/www.oljo.de\/blog\/themen\/esc-2016\/"},"img":{"alt_text":"Vorentscheid Voting 2016","src":"https:\/\/i0.wp.com\/www.oljo.de\/blog\/wp-content\/uploads\/2016\/02\/vorentscheid-voting-2016.jpg?fit=710%2C427&ssl=1&resize=350%2C200","width":350,"height":200,"srcset":"https:\/\/i0.wp.com\/www.oljo.de\/blog\/wp-content\/uploads\/2016\/02\/vorentscheid-voting-2016.jpg?fit=710%2C427&ssl=1&resize=350%2C200 1x, https:\/\/i0.wp.com\/www.oljo.de\/blog\/wp-content\/uploads\/2016\/02\/vorentscheid-voting-2016.jpg?fit=710%2C427&ssl=1&resize=525%2C300 1.5x, https:\/\/i0.wp.com\/www.oljo.de\/blog\/wp-content\/uploads\/2016\/02\/vorentscheid-voting-2016.jpg?fit=710%2C427&ssl=1&resize=700%2C400 2x"},"classes":[]}],"jetpack_sharing_enabled":true,"_links":{"self":[{"href":"https:\/\/www.oljo.de\/blog\/wp-json\/wp\/v2\/posts\/7954","targetHints":{"allow":["GET"]}}],"collection":[{"href":"https:\/\/www.oljo.de\/blog\/wp-json\/wp\/v2\/posts"}],"about":[{"href":"https:\/\/www.oljo.de\/blog\/wp-json\/wp\/v2\/types\/post"}],"author":[{"embeddable":true,"href":"https:\/\/www.oljo.de\/blog\/wp-json\/wp\/v2\/users\/2"}],"replies":[{"embeddable":true,"href":"https:\/\/www.oljo.de\/blog\/wp-json\/wp\/v2\/comments?post=7954"}],"version-history":[{"count":0,"href":"https:\/\/www.oljo.de\/blog\/wp-json\/wp\/v2\/posts\/7954\/revisions"}],"wp:attachment":[{"href":"https:\/\/www.oljo.de\/blog\/wp-json\/wp\/v2\/media?parent=7954"}],"wp:term":[{"taxonomy":"category","embeddable":true,"href":"https:\/\/www.oljo.de\/blog\/wp-json\/wp\/v2\/categories?post=7954"},{"taxonomy":"post_tag","embeddable":true,"href":"https:\/\/www.oljo.de\/blog\/wp-json\/wp\/v2\/tags?post=7954"}],"curies":[{"name":"wp","href":"https:\/\/api.w.org\/{rel}","templated":true}]}}